{"id":1394,"date":"2018-03-07T16:28:41","date_gmt":"2018-03-07T15:28:41","guid":{"rendered":"http:\/\/www.moredadealava.com\/berriak\/curso-practico-asociacionismo-rioja-alavesa-2\/"},"modified":"2018-03-07T16:28:41","modified_gmt":"2018-03-07T15:28:41","slug":"curso-practico-asociacionismo-rioja-alavesa","status":"publish","type":"post","link":"https:\/\/www.moredadealava.com\/eu\/berriak\/curso-practico-asociacionismo-rioja-alavesa\/","title":{"rendered":"Curso pr\u00e1ctico de asociacionismo Rioja Alavesa"},"content":{"rendered":"<p>Durante este&nbsp;mes de marzo se va a realizar, desde la <em>Asociaci\u00f3n Entretanto Entretente-Bitartean Jolasean<\/em>, un curso para iniciarse en la gesti\u00f3n de asociaciones: c\u00f3mo empezar, registrarse, c\u00f3mo redactar proyectos, organizarse&#8230;<\/p>\n<p>Se trata de un curso intensivo con una duraci\u00f3n de dos fines de semana: 16-17 y 23-24 de marzo.&nbsp;<\/p>\n<p>Plazas limitadas.&nbsp;<\/p>\n<p>Gratuito.<\/p>\n<p>Para m\u00e1s informaci\u00f3n e inscripciones puedes ponerte en contacto con la Asociaci\u00f3n a trav\u00e9s del correo que aparece en el cartel: <em>entretanto.jolasean@gmail.com<\/em><\/p>\n<p><img loading=\"lazy\" class=\"alignnone size-full wp-image-1391 aligncenter\" src=\"http:\/\/www.moredadealava.com\/wp-content\/uploads\/2018\/03\/curso-asociacionismo-rioja-alavesa.jpg\" alt=\"curso-asociacionismo-rioja-alavesa\" width=\"572\" height=\"807\" srcset=\"https:\/\/www.moredadealava.com\/wp-content\/uploads\/2018\/03\/curso-asociacionismo-rioja-alavesa.jpg 572w, https:\/\/www.moredadealava.com\/wp-content\/uploads\/2018\/03\/curso-asociacionismo-rioja-alavesa-213x300.jpg 213w\" sizes=\"(max-width: 572px) 100vw, 572px\" \/><\/p>\n","protected":false},"excerpt":{"rendered":"<p>Durante este&nbsp;mes de marzo se va a realizar, desde la Asociaci\u00f3n Entretanto Entretente-Bitartean Jolasean, un curso para iniciarse en la gesti\u00f3n de asociaciones: c\u00f3mo empezar, registrarse, c\u00f3mo redactar proyectos, organizarse&#8230; Se trata de un curso intensivo con una duraci\u00f3n de dos fines de semana: 16-17 y 23-24 de marzo.&nbsp; Plazas limitadas.&nbsp; Gratuito. Para m\u00e1s informaci\u00f3n &#8230;<\/p>\n","protected":false},"author":2,"featured_media":1391,"comment_status":"open","ping_status":"closed","sticky":false,"template":"","format":"standard","meta":{"_mi_skip_tracking":false,"_monsterinsights_sitenote_active":false,"_monsterinsights_sitenote_note":"","_monsterinsights_sitenote_category":0,"ngg_post_thumbnail":0},"categories":[16],"tags":[26,164,165,21,170,171,49,167,27],"yoast_head":"<!-- This site is optimized with the Yoast SEO plugin v18.3 - https:\/\/yoast.com\/wordpress\/plugins\/seo\/ -->\n<title>Curso pr\u00e1ctico de asociacionismo Rioja Alavesa<\/title>\n<meta name=\"description\" content=\"Curso pr\u00e1ctico de asociacionismo organizado por Asociaci\u00f3n Entretanto Entretente-Bitartean Jolasean, para iniciarse en la gesti\u00f3n de asociaciones.\" \/>\n<meta name=\"robots\" content=\"index, follow, max-snippet:-1, max-image-preview:large, max-video-preview:-1\" \/>\n<link rel=\"canonical\" href=\"https:\/\/www.moredadealava.com\/eu\/berriak\/curso-practico-asociacionismo-rioja-alavesa\/\" \/>\n<meta property=\"og:locale\" content=\"en_US\" \/>\n<meta property=\"og:type\" content=\"article\" \/>\n<meta property=\"og:title\" content=\"Curso pr\u00e1ctico de asociacionismo Rioja Alavesa\" \/>\n<meta property=\"og:description\" content=\"Curso pr\u00e1ctico de asociacionismo organizado por Asociaci\u00f3n Entretanto Entretente-Bitartean Jolasean, para iniciarse en la gesti\u00f3n de asociaciones.\" \/>\n<meta property=\"og:url\" content=\"https:\/\/www.moredadealava.com\/eu\/berriak\/curso-practico-asociacionismo-rioja-alavesa\/\" \/>\n<meta property=\"og:site_name\" content=\"Moreda Arabako Udala\" \/>\n<meta property=\"article:published_time\" content=\"2018-03-07T15:28:41+00:00\" \/>\n<meta property=\"og:image\" content=\"https:\/\/www.moredadealava.com\/wp-content\/uploads\/2018\/03\/curso-asociacionismo-rioja-alavesa.jpg\" \/>\n\t<meta property=\"og:image:width\" content=\"572\" \/>\n\t<meta property=\"og:image:height\" content=\"807\" \/>\n\t<meta property=\"og:image:type\" content=\"image\/jpeg\" \/>\n<meta name=\"twitter:label1\" content=\"Written by\" \/>\n\t<meta name=\"twitter:data1\" content=\"alkure\" \/>\n<script type=\"application\/ld+json\" class=\"yoast-schema-graph\">{\"@context\":\"https:\/\/schema.org\",\"@graph\":[{\"@type\":\"WebSite\",\"@id\":\"https:\/\/www.moredadealava.com\/#website\",\"url\":\"https:\/\/www.moredadealava.com\/\",\"name\":\"Moreda Arabako Udala\",\"description\":\"Moreda Arabako Udala\",\"potentialAction\":[{\"@type\":\"SearchAction\",\"target\":{\"@type\":\"EntryPoint\",\"urlTemplate\":\"https:\/\/www.moredadealava.com\/?s={search_term_string}\"},\"query-input\":\"required name=search_term_string\"}],\"inLanguage\":\"eu\"},{\"@type\":\"ImageObject\",\"@id\":\"https:\/\/www.moredadealava.com\/eu\/berriak\/curso-practico-asociacionismo-rioja-alavesa\/#primaryimage\",\"inLanguage\":\"eu\",\"url\":\"https:\/\/www.moredadealava.com\/wp-content\/uploads\/2018\/03\/curso-asociacionismo-rioja-alavesa.jpg\",\"contentUrl\":\"https:\/\/www.moredadealava.com\/wp-content\/uploads\/2018\/03\/curso-asociacionismo-rioja-alavesa.jpg\",\"width\":572,\"height\":807},{\"@type\":\"WebPage\",\"@id\":\"https:\/\/www.moredadealava.com\/eu\/berriak\/curso-practico-asociacionismo-rioja-alavesa\/#webpage\",\"url\":\"https:\/\/www.moredadealava.com\/eu\/berriak\/curso-practico-asociacionismo-rioja-alavesa\/\",\"name\":\"Curso pr\u00e1ctico de asociacionismo Rioja Alavesa\",\"isPartOf\":{\"@id\":\"https:\/\/www.moredadealava.com\/#website\"},\"primaryImageOfPage\":{\"@id\":\"https:\/\/www.moredadealava.com\/eu\/berriak\/curso-practico-asociacionismo-rioja-alavesa\/#primaryimage\"},\"datePublished\":\"2018-03-07T15:28:41+00:00\",\"dateModified\":\"2018-03-07T15:28:41+00:00\",\"author\":{\"@id\":\"https:\/\/www.moredadealava.com\/#\/schema\/person\/53f2ece53ac676fcc74fcfac3e49d013\"},\"description\":\"Curso pr\u00e1ctico de asociacionismo organizado por Asociaci\u00f3n Entretanto Entretente-Bitartean Jolasean, para iniciarse en la gesti\u00f3n de asociaciones.\",\"breadcrumb\":{\"@id\":\"https:\/\/www.moredadealava.com\/eu\/berriak\/curso-practico-asociacionismo-rioja-alavesa\/#breadcrumb\"},\"inLanguage\":\"eu\",\"potentialAction\":[{\"@type\":\"ReadAction\",\"target\":[\"https:\/\/www.moredadealava.com\/eu\/berriak\/curso-practico-asociacionismo-rioja-alavesa\/\"]}]},{\"@type\":\"BreadcrumbList\",\"@id\":\"https:\/\/www.moredadealava.com\/eu\/berriak\/curso-practico-asociacionismo-rioja-alavesa\/#breadcrumb\",\"itemListElement\":[{\"@type\":\"ListItem\",\"position\":1,\"name\":\"Portada\",\"item\":\"https:\/\/www.moredadealava.com\/\"},{\"@type\":\"ListItem\",\"position\":2,\"name\":\"Curso pr\u00e1ctico de asociacionismo Rioja Alavesa\"}]},{\"@type\":\"Person\",\"@id\":\"https:\/\/www.moredadealava.com\/#\/schema\/person\/53f2ece53ac676fcc74fcfac3e49d013\",\"name\":\"alkure\",\"image\":{\"@type\":\"ImageObject\",\"@id\":\"https:\/\/www.moredadealava.com\/#personlogo\",\"inLanguage\":\"eu\",\"url\":\"https:\/\/secure.gravatar.com\/avatar\/46694840e2dccd0a48b35bbe5c24890a?s=96&d=mm&r=g\",\"contentUrl\":\"https:\/\/secure.gravatar.com\/avatar\/46694840e2dccd0a48b35bbe5c24890a?s=96&d=mm&r=g\",\"caption\":\"alkure\"},\"url\":\"https:\/\/www.moredadealava.com\/eu\/author\/alkure\/\"}]}<\/script>\n<!-- \/ Yoast SEO plugin. -->","yoast_head_json":{"title":"Curso pr\u00e1ctico de asociacionismo Rioja Alavesa","description":"Curso pr\u00e1ctico de asociacionismo organizado por Asociaci\u00f3n Entretanto Entretente-Bitartean Jolasean, para iniciarse en la gesti\u00f3n de asociaciones.","robots":{"index":"index","follow":"follow","max-snippet":"max-snippet:-1","max-image-preview":"max-image-preview:large","max-video-preview":"max-video-preview:-1"},"canonical":"https:\/\/www.moredadealava.com\/eu\/berriak\/curso-practico-asociacionismo-rioja-alavesa\/","og_locale":"en_US","og_type":"article","og_title":"Curso pr\u00e1ctico de asociacionismo Rioja Alavesa","og_description":"Curso pr\u00e1ctico de asociacionismo organizado por Asociaci\u00f3n Entretanto Entretente-Bitartean Jolasean, para iniciarse en la gesti\u00f3n de asociaciones.","og_url":"https:\/\/www.moredadealava.com\/eu\/berriak\/curso-practico-asociacionismo-rioja-alavesa\/","og_site_name":"Moreda Arabako Udala","article_published_time":"2018-03-07T15:28:41+00:00","og_image":[{"width":572,"height":807,"url":"https:\/\/www.moredadealava.com\/wp-content\/uploads\/2018\/03\/curso-asociacionismo-rioja-alavesa.jpg","type":"image\/jpeg"}],"twitter_misc":{"Written by":"alkure"},"schema":{"@context":"https:\/\/schema.org","@graph":[{"@type":"WebSite","@id":"https:\/\/www.moredadealava.com\/#website","url":"https:\/\/www.moredadealava.com\/","name":"Moreda Arabako Udala","description":"Moreda Arabako Udala","potentialAction":[{"@type":"SearchAction","target":{"@type":"EntryPoint","urlTemplate":"https:\/\/www.moredadealava.com\/?s={search_term_string}"},"query-input":"required name=search_term_string"}],"inLanguage":"eu"},{"@type":"ImageObject","@id":"https:\/\/www.moredadealava.com\/eu\/berriak\/curso-practico-asociacionismo-rioja-alavesa\/#primaryimage","inLanguage":"eu","url":"https:\/\/www.moredadealava.com\/wp-content\/uploads\/2018\/03\/curso-asociacionismo-rioja-alavesa.jpg","contentUrl":"https:\/\/www.moredadealava.com\/wp-content\/uploads\/2018\/03\/curso-asociacionismo-rioja-alavesa.jpg","width":572,"height":807},{"@type":"WebPage","@id":"https:\/\/www.moredadealava.com\/eu\/berriak\/curso-practico-asociacionismo-rioja-alavesa\/#webpage","url":"https:\/\/www.moredadealava.com\/eu\/berriak\/curso-practico-asociacionismo-rioja-alavesa\/","name":"Curso pr\u00e1ctico de asociacionismo Rioja Alavesa","isPartOf":{"@id":"https:\/\/www.moredadealava.com\/#website"},"primaryImageOfPage":{"@id":"https:\/\/www.moredadealava.com\/eu\/berriak\/curso-practico-asociacionismo-rioja-alavesa\/#primaryimage"},"datePublished":"2018-03-07T15:28:41+00:00","dateModified":"2018-03-07T15:28:41+00:00","author":{"@id":"https:\/\/www.moredadealava.com\/#\/schema\/person\/53f2ece53ac676fcc74fcfac3e49d013"},"description":"Curso pr\u00e1ctico de asociacionismo organizado por Asociaci\u00f3n Entretanto Entretente-Bitartean Jolasean, para iniciarse en la gesti\u00f3n de asociaciones.","breadcrumb":{"@id":"https:\/\/www.moredadealava.com\/eu\/berriak\/curso-practico-asociacionismo-rioja-alavesa\/#breadcrumb"},"inLanguage":"eu","potentialAction":[{"@type":"ReadAction","target":["https:\/\/www.moredadealava.com\/eu\/berriak\/curso-practico-asociacionismo-rioja-alavesa\/"]}]},{"@type":"BreadcrumbList","@id":"https:\/\/www.moredadealava.com\/eu\/berriak\/curso-practico-asociacionismo-rioja-alavesa\/#breadcrumb","itemListElement":[{"@type":"ListItem","position":1,"name":"Portada","item":"https:\/\/www.moredadealava.com\/"},{"@type":"ListItem","position":2,"name":"Curso pr\u00e1ctico de asociacionismo Rioja Alavesa"}]},{"@type":"Person","@id":"https:\/\/www.moredadealava.com\/#\/schema\/person\/53f2ece53ac676fcc74fcfac3e49d013","name":"alkure","image":{"@type":"ImageObject","@id":"https:\/\/www.moredadealava.com\/#personlogo","inLanguage":"eu","url":"https:\/\/secure.gravatar.com\/avatar\/46694840e2dccd0a48b35bbe5c24890a?s=96&d=mm&r=g","contentUrl":"https:\/\/secure.gravatar.com\/avatar\/46694840e2dccd0a48b35bbe5c24890a?s=96&d=mm&r=g","caption":"alkure"},"url":"https:\/\/www.moredadealava.com\/eu\/author\/alkure\/"}]}},"_links":{"self":[{"href":"https:\/\/www.moredadealava.com\/eu\/wp-json\/wp\/v2\/posts\/1394"}],"collection":[{"href":"https:\/\/www.moredadealava.com\/eu\/wp-json\/wp\/v2\/posts"}],"about":[{"href":"https:\/\/www.moredadealava.com\/eu\/wp-json\/wp\/v2\/types\/post"}],"author":[{"embeddable":true,"href":"https:\/\/www.moredadealava.com\/eu\/wp-json\/wp\/v2\/users\/2"}],"replies":[{"embeddable":true,"href":"https:\/\/www.moredadealava.com\/eu\/wp-json\/wp\/v2\/comments?post=1394"}],"version-history":[{"count":0,"href":"https:\/\/www.moredadealava.com\/eu\/wp-json\/wp\/v2\/posts\/1394\/revisions"}],"wp:featuredmedia":[{"embeddable":true,"href":"https:\/\/www.moredadealava.com\/eu\/wp-json\/wp\/v2\/media\/1391"}],"wp:attachment":[{"href":"https:\/\/www.moredadealava.com\/eu\/wp-json\/wp\/v2\/media?parent=1394"}],"wp:term":[{"taxonomy":"category","embeddable":true,"href":"https:\/\/www.moredadealava.com\/eu\/wp-json\/wp\/v2\/categories?post=1394"},{"taxonomy":"post_tag","embeddable":true,"href":"https:\/\/www.moredadealava.com\/eu\/wp-json\/wp\/v2\/tags?post=1394"}],"curies":[{"name":"wp","href":"https:\/\/api.w.org\/{rel}","templated":true}]}}